[{"@context":"https:\/\/schema.org\/","@type":"Blog","@id":"https:\/\/www.palstav.cz#Blog","headline":"Pal stav","description":"\nKa\u017ed\u00fd web na internetu je n\u011b\u010d\u00edm slu\u017eebn\u00edkem. N\u00e1\u0161 web konkr\u00e9tn\u011b je kup\u0159\u00edkladu slu\u017eebn\u00edkem v\u0161ech dobr\u00fdch lid\u00ed, jak\u00fdmi jste dozajista i vy osobn\u011b.","url":"https:\/\/www.palstav.cz","hasPart":[{"@type":"Article","@id":"https:\/\/www.palstav.cz\/pred-dovolenou-je-vhodne-promyslet-jake-obleceni-s-sebou\/","headline":"P\u0159ed dovolenou je vhodn\u00e9 promyslet, jak\u00e9 oble\u010den\u00ed s sebou","url":"https:\/\/www.palstav.cz\/pred-dovolenou-je-vhodne-promyslet-jake-obleceni-s-sebou\/","datePublished":"2022-07-04","dateModified":"2023-05-24","mainEntityOfPage":"https:\/\/www.palstav.cz\/pred-dovolenou-je-vhodne-promyslet-jake-obleceni-s-sebou\/","author":{"@type":"Person","@id":"https:\/\/www.palstav.cz\/author\/#Person","name":"","url":"https:\/\/www.palstav.cz\/author\/","identifier":1,"image":{"@type":"ImageObject","@id":"https:\/\/secure.gravatar.com\/avatar\/4860d213c5bedfa07ff2b166ff7b069759f9dbf79eae813578c75f9f8cb939b7?s=96&d=mm&r=g","url":"https:\/\/secure.gravatar.com\/avatar\/4860d213c5bedfa07ff2b166ff7b069759f9dbf79eae813578c75f9f8cb939b7?s=96&d=mm&r=g","height":96,"width":96}},"publisher":{"@type":"Organization","name":"palstav.cz","logo":{"@type":"ImageObject","@id":"\/logo.png","url":"\/logo.png","width":600,"height":60}},"image":{"@type":"ImageObject","@id":"https:\/\/www.palstav.cz\/wp-content\/uploads\/v%C4%9Bci_5.JPG","url":"https:\/\/www.palstav.cz\/wp-content\/uploads\/v%C4%9Bci_5.JPG","height":0,"width":0},"wordCount":844,"keywords":null},{"@type":"Article","@id":"https:\/\/www.palstav.cz\/jak-se-pripravit-na-vanoce\/","headline":"Jak se p\u0159ipravit na V\u00e1noce?","url":"https:\/\/www.palstav.cz\/jak-se-pripravit-na-vanoce\/","datePublished":"2022-07-04","dateModified":"2023-05-24","mainEntityOfPage":"https:\/\/www.palstav.cz\/jak-se-pripravit-na-vanoce\/","author":{"@type":"Person","@id":"https:\/\/www.palstav.cz\/author\/#Person","name":"","url":"https:\/\/www.palstav.cz\/author\/","identifier":1,"image":{"@type":"ImageObject","@id":"https:\/\/secure.gravatar.com\/avatar\/4860d213c5bedfa07ff2b166ff7b069759f9dbf79eae813578c75f9f8cb939b7?s=96&d=mm&r=g","url":"https:\/\/secure.gravatar.com\/avatar\/4860d213c5bedfa07ff2b166ff7b069759f9dbf79eae813578c75f9f8cb939b7?s=96&d=mm&r=g","height":96,"width":96}},"publisher":{"@type":"Organization","name":"palstav.cz","logo":{"@type":"ImageObject","@id":"\/logo.png","url":"\/logo.png","width":600,"height":60}},"image":{"@type":"ImageObject","@id":"https:\/\/www.palstav.cz\/wp-content\/uploads\/christmas-g913643b55_640.jpg","url":"https:\/\/www.palstav.cz\/wp-content\/uploads\/christmas-g913643b55_640.jpg","height":0,"width":0},"wordCount":594,"keywords":null},{"@type":"Article","@id":"https:\/\/www.palstav.cz\/prosteradlo-pro-klidny-spanek\/","headline":"Prost\u011bradlo pro klidn\u00fd sp\u00e1nek","url":"https:\/\/www.palstav.cz\/prosteradlo-pro-klidny-spanek\/","datePublished":"2022-06-21","dateModified":"2023-05-24","mainEntityOfPage":"https:\/\/www.palstav.cz\/prosteradlo-pro-klidny-spanek\/","author":{"@type":"Person","@id":"https:\/\/www.palstav.cz\/author\/#Person","name":"","url":"https:\/\/www.palstav.cz\/author\/","identifier":1,"image":{"@type":"ImageObject","@id":"https:\/\/secure.gravatar.com\/avatar\/4860d213c5bedfa07ff2b166ff7b069759f9dbf79eae813578c75f9f8cb939b7?s=96&d=mm&r=g","url":"https:\/\/secure.gravatar.com\/avatar\/4860d213c5bedfa07ff2b166ff7b069759f9dbf79eae813578c75f9f8cb939b7?s=96&d=mm&r=g","height":96,"width":96}},"publisher":{"@type":"Organization","name":"palstav.cz","logo":{"@type":"ImageObject","@id":"\/logo.png","url":"\/logo.png","width":600,"height":60}},"image":{"@type":"ImageObject","@id":"https:\/\/www.palstav.cz\/wp-content\/uploads\/legs-g45e447e63_1920.jpg","url":"https:\/\/www.palstav.cz\/wp-content\/uploads\/legs-g45e447e63_1920.jpg","height":0,"width":0},"wordCount":558,"keywords":null},{"@type":"Article","@id":"https:\/\/www.palstav.cz\/nejlepsi-svatebni-salon-v-praze-ten-nas\/","headline":"Nejlep\u0161\u00ed svatebn\u00ed salon v Praze? Ten n\u00e1\u0161!","url":"https:\/\/www.palstav.cz\/nejlepsi-svatebni-salon-v-praze-ten-nas\/","datePublished":"2022-05-27","dateModified":"2023-05-24","mainEntityOfPage":"https:\/\/www.palstav.cz\/nejlepsi-svatebni-salon-v-praze-ten-nas\/","author":{"@type":"Person","@id":"https:\/\/www.palstav.cz\/author\/#Person","name":"","url":"https:\/\/www.palstav.cz\/author\/","identifier":1,"image":{"@type":"ImageObject","@id":"https:\/\/secure.gravatar.com\/avatar\/4860d213c5bedfa07ff2b166ff7b069759f9dbf79eae813578c75f9f8cb939b7?s=96&d=mm&r=g","url":"https:\/\/secure.gravatar.com\/avatar\/4860d213c5bedfa07ff2b166ff7b069759f9dbf79eae813578c75f9f8cb939b7?s=96&d=mm&r=g","height":96,"width":96}},"publisher":{"@type":"Organization","name":"palstav.cz","logo":{"@type":"ImageObject","@id":"\/logo.png","url":"\/logo.png","width":600,"height":60}},"image":{"@type":"ImageObject","@id":"https:\/\/www.palstav.cz\/wp-content\/uploads\/wedding-dress-1486260_640.jpg","url":"https:\/\/www.palstav.cz\/wp-content\/uploads\/wedding-dress-1486260_640.jpg","height":0,"width":0},"wordCount":628,"keywords":null},{"@type":"Article","@id":"https:\/\/www.palstav.cz\/dovolena-za-socialismu\/","headline":"Dovolen\u00e1 za socialismu","url":"https:\/\/www.palstav.cz\/dovolena-za-socialismu\/","datePublished":"2022-05-23","dateModified":"2022-05-23","mainEntityOfPage":"https:\/\/www.palstav.cz\/dovolena-za-socialismu\/","author":{"@type":"Person","@id":"https:\/\/www.palstav.cz\/author\/#Person","name":"","url":"https:\/\/www.palstav.cz\/author\/","identifier":1,"image":{"@type":"ImageObject","@id":"https:\/\/secure.gravatar.com\/avatar\/4860d213c5bedfa07ff2b166ff7b069759f9dbf79eae813578c75f9f8cb939b7?s=96&d=mm&r=g","url":"https:\/\/secure.gravatar.com\/avatar\/4860d213c5bedfa07ff2b166ff7b069759f9dbf79eae813578c75f9f8cb939b7?s=96&d=mm&r=g","height":96,"width":96}},"publisher":{"@type":"Organization","name":"palstav.cz","logo":{"@type":"ImageObject","@id":"\/logo.png","url":"\/logo.png","width":600,"height":60}},"image":{"@type":"ImageObject","@id":"https:\/\/www.palstav.cz\/wp-content\/uploads\/socialistick%C3%A9%20ikony.png","url":"https:\/\/www.palstav.cz\/wp-content\/uploads\/socialistick%C3%A9%20ikony.png","height":0,"width":0},"wordCount":831,"keywords":null},{"@type":"Article","@id":"https:\/\/www.palstav.cz\/kolagen-pro-krasu\/","headline":"Kolagen pro kr\u00e1su","url":"https:\/\/www.palstav.cz\/kolagen-pro-krasu\/","datePublished":"2022-04-28","dateModified":"2023-05-24","mainEntityOfPage":"https:\/\/www.palstav.cz\/kolagen-pro-krasu\/","author":{"@type":"Person","@id":"https:\/\/www.palstav.cz\/author\/#Person","name":"","url":"https:\/\/www.palstav.cz\/author\/","identifier":1,"image":{"@type":"ImageObject","@id":"https:\/\/secure.gravatar.com\/avatar\/4860d213c5bedfa07ff2b166ff7b069759f9dbf79eae813578c75f9f8cb939b7?s=96&d=mm&r=g","url":"https:\/\/secure.gravatar.com\/avatar\/4860d213c5bedfa07ff2b166ff7b069759f9dbf79eae813578c75f9f8cb939b7?s=96&d=mm&r=g","height":96,"width":96}},"publisher":{"@type":"Organization","name":"palstav.cz","logo":{"@type":"ImageObject","@id":"\/logo.png","url":"\/logo.png","width":600,"height":60}},"image":{"@type":"ImageObject","@id":"https:\/\/www.palstav.cz\/wp-content\/uploads\/pexels-cottonbro-3997980_2.jpg","url":"https:\/\/www.palstav.cz\/wp-content\/uploads\/pexels-cottonbro-3997980_2.jpg","height":0,"width":0},"wordCount":588,"keywords":null},{"@type":"Article","@id":"https:\/\/www.palstav.cz\/komu-muzeme-sverit-vedeni-ucetnictvi-praha\/","headline":"Komu m\u016f\u017eeme sv\u011b\u0159it veden\u00ed \u00fa\u010detnictv\u00ed Praha","url":"https:\/\/www.palstav.cz\/komu-muzeme-sverit-vedeni-ucetnictvi-praha\/","datePublished":"2022-04-10","dateModified":"2023-05-24","mainEntityOfPage":"https:\/\/www.palstav.cz\/komu-muzeme-sverit-vedeni-ucetnictvi-praha\/","author":{"@type":"Person","@id":"https:\/\/www.palstav.cz\/author\/#Person","name":"","url":"https:\/\/www.palstav.cz\/author\/","identifier":1,"image":{"@type":"ImageObject","@id":"https:\/\/secure.gravatar.com\/avatar\/4860d213c5bedfa07ff2b166ff7b069759f9dbf79eae813578c75f9f8cb939b7?s=96&d=mm&r=g","url":"https:\/\/secure.gravatar.com\/avatar\/4860d213c5bedfa07ff2b166ff7b069759f9dbf79eae813578c75f9f8cb939b7?s=96&d=mm&r=g","height":96,"width":96}},"publisher":{"@type":"Organization","name":"palstav.cz","logo":{"@type":"ImageObject","@id":"\/logo.png","url":"\/logo.png","width":600,"height":60}},"image":{"@type":"ImageObject","@id":"https:\/\/www.palstav.cz\/wp-content\/uploads\/ucetnictvi3.jpg","url":"https:\/\/www.palstav.cz\/wp-content\/uploads\/ucetnictvi3.jpg","height":0,"width":0},"wordCount":701,"keywords":null},{"@type":"Article","@id":"https:\/\/www.palstav.cz\/proteinova-vyziva-zazrak\/","headline":"Proteinov\u00e1 v\u00fd\u017eiva? Z\u00e1zrak?","url":"https:\/\/www.palstav.cz\/proteinova-vyziva-zazrak\/","datePublished":"2022-03-24","dateModified":"2023-05-24","mainEntityOfPage":"https:\/\/www.palstav.cz\/proteinova-vyziva-zazrak\/","author":{"@type":"Person","@id":"https:\/\/www.palstav.cz\/author\/#Person","name":"","url":"https:\/\/www.palstav.cz\/author\/","identifier":1,"image":{"@type":"ImageObject","@id":"https:\/\/secure.gravatar.com\/avatar\/4860d213c5bedfa07ff2b166ff7b069759f9dbf79eae813578c75f9f8cb939b7?s=96&d=mm&r=g","url":"https:\/\/secure.gravatar.com\/avatar\/4860d213c5bedfa07ff2b166ff7b069759f9dbf79eae813578c75f9f8cb939b7?s=96&d=mm&r=g","height":96,"width":96}},"publisher":{"@type":"Organization","name":"palstav.cz","logo":{"@type":"ImageObject","@id":"\/logo.png","url":"\/logo.png","width":600,"height":60}},"image":{"@type":"ImageObject","@id":"https:\/\/www.palstav.cz\/wp-content\/uploads\/running-track-g4d340b69a_640.jpg","url":"https:\/\/www.palstav.cz\/wp-content\/uploads\/running-track-g4d340b69a_640.jpg","height":0,"width":0},"wordCount":562,"keywords":null},{"@type":"Article","@id":"https:\/\/www.palstav.cz\/co-do-moderniho-interieru-nepatri\/","headline":"Co do modern\u00edho interi\u00e9ru nepat\u0159\u00ed","url":"https:\/\/www.palstav.cz\/co-do-moderniho-interieru-nepatri\/","datePublished":"2022-03-12","dateModified":"2023-05-24","mainEntityOfPage":"https:\/\/www.palstav.cz\/co-do-moderniho-interieru-nepatri\/","author":{"@type":"Person","@id":"https:\/\/www.palstav.cz\/author\/#Person","name":"","url":"https:\/\/www.palstav.cz\/author\/","identifier":1,"image":{"@type":"ImageObject","@id":"https:\/\/secure.gravatar.com\/avatar\/4860d213c5bedfa07ff2b166ff7b069759f9dbf79eae813578c75f9f8cb939b7?s=96&d=mm&r=g","url":"https:\/\/secure.gravatar.com\/avatar\/4860d213c5bedfa07ff2b166ff7b069759f9dbf79eae813578c75f9f8cb939b7?s=96&d=mm&r=g","height":96,"width":96}},"publisher":{"@type":"Organization","name":"palstav.cz","logo":{"@type":"ImageObject","@id":"\/logo.png","url":"\/logo.png","width":600,"height":60}},"image":{"@type":"ImageObject","@id":"https:\/\/www.palstav.cz\/wp-content\/uploads\/window-g27cdbf5be_640.jpg","url":"https:\/\/www.palstav.cz\/wp-content\/uploads\/window-g27cdbf5be_640.jpg","height":0,"width":0},"wordCount":466,"keywords":null},{"@type":"Article","@id":"https:\/\/www.palstav.cz\/kouzelnik-opravdu-dokaze-rozzarit-vase-deti-k-nepoznani\/","headline":"Kouzeln\u00edk opravdu dok\u00e1\u017ee rozz\u00e1\u0159it va\u0161e d\u011bti k nepozn\u00e1n\u00ed.","url":"https:\/\/www.palstav.cz\/kouzelnik-opravdu-dokaze-rozzarit-vase-deti-k-nepoznani\/","datePublished":"2022-02-09","dateModified":"2023-05-24","mainEntityOfPage":"https:\/\/www.palstav.cz\/kouzelnik-opravdu-dokaze-rozzarit-vase-deti-k-nepoznani\/","author":{"@type":"Person","@id":"https:\/\/www.palstav.cz\/author\/#Person","name":"","url":"https:\/\/www.palstav.cz\/author\/","identifier":1,"image":{"@type":"ImageObject","@id":"https:\/\/secure.gravatar.com\/avatar\/4860d213c5bedfa07ff2b166ff7b069759f9dbf79eae813578c75f9f8cb939b7?s=96&d=mm&r=g","url":"https:\/\/secure.gravatar.com\/avatar\/4860d213c5bedfa07ff2b166ff7b069759f9dbf79eae813578c75f9f8cb939b7?s=96&d=mm&r=g","height":96,"width":96}},"publisher":{"@type":"Organization","name":"palstav.cz","logo":{"@type":"ImageObject","@id":"\/logo.png","url":"\/logo.png","width":600,"height":60}},"image":{"@type":"ImageObject","@id":"https:\/\/www.palstav.cz\/wp-content\/uploads\/magic-gcbcb47ed1_640.jpg","url":"https:\/\/www.palstav.cz\/wp-content\/uploads\/magic-gcbcb47ed1_640.jpg","height":0,"width":0},"wordCount":578,"keywords":null}]},{"@context":"https:\/\/schema.org","@type":"WebSite","@id":"https:\/\/www.palstav.cz\/#website","name":"Pal stav","url":"https:\/\/www.palstav.cz","potentialAction":{"@type":"SearchAction","target":"https:\/\/www.palstav.cz\/?s={search_term_string}","query-input":"required name=search_term_string"}}]